{"id":21186,"date":"2020-10-11T08:57:53","date_gmt":"2020-10-11T08:57:53","guid":{"rendered":"https:\/\/staging-mondaycomblog.kinsta.cloud\/?p=21186"},"modified":"2024-12-22T13:50:08","modified_gmt":"2024-12-22T13:50:08","slug":"calendario-de-conteudo-para-midias-sociais","status":"publish","type":"post","link":"https:\/\/monday.com\/blog\/pt\/marketing-pt\/calendario-de-conteudo-para-midias-sociais\/","title":{"rendered":"Calend\u00e1rio de conte\u00fado para m\u00eddias sociais"},"content":{"rendered":"<p><span style=\"font-weight: 200;\">N\u00e3o sabemos se algu\u00e9m ainda precisa escutar isso, mas a gest\u00e3o de m\u00eddias sociais \u00e9 <\/span><i><span style=\"font-weight: 200;\">dif\u00edcil <\/span><\/i><span style=\"font-weight: 200;\">.<\/span><\/p>\n<p><span style=\"font-weight: 200;\">N\u00f3s sabemos. Desde gerenciar in\u00fameros neg\u00f3cios da marca no Instagram at\u00e9 lan\u00e7ar campanhas de Facebook e veicular um podcast semanal (tudo isso em sincronia com as partes interessadas), gerenciar os esfor\u00e7os de m\u00eddia social de uma empresa n\u00e3o \u00e9 tarefa f\u00e1cil.<\/span><\/p>\n<p><span style=\"font-weight: 200;\">N\u00e3o importa se voc\u00ea trabalha em uma pequena equipe, departamento ou em uma grande ag\u00eancia, todo gerente de m\u00eddia social precisa de um calend\u00e1rio de conte\u00fado. Por uma quest\u00e3o de organiza\u00e7\u00e3o, efici\u00eancia e, mais importante de tudo, <\/span><i><span style=\"font-weight: 200;\">sanidade<\/span><\/i><span style=\"font-weight: 200;\">, voc\u00ea precisa dessa ferramenta.<\/span><\/p>\n<p><a href=\"https:\/\/twitter.com\/intent\/tweet?text=Social%20media%20content%20calendars%20(a%20mouthful%2C%20we%20know)%C2%A0%20helps%20you%20outline%20upcoming%20projects%2C%20assign%20them%20to%20the%20relevant%20people%2C%20and%20get%20a%20bird%E2%80%99s%20eye%20view%20so%20that%20nothing%20ever%20falls%20through%20the%20cracks.&amp;url=https:\/\/monday.com\/blog\/marketing\/the-social-media-content-calendar-a-top-tool-in-amy-jo-martins-toolbox\/\"><b>Os calend\u00e1rios de conte\u00fado para m\u00eddias sociais ajudam voc\u00ea a delinear projetos futuros, atribu\u00ed-los \u00e0s pessoas relevantes e ter uma perspectiva ampla para que nada saia do controle.<\/b><\/a><\/p>\n<p><span style=\"font-weight: 200;\">Conhe\u00e7a Amy Jo Martin \u2014 influencer, podcaster, autora best-seller do New York Times, e isso apenas para citar alguns de seus projetos de sucesso. Como fundadora de uma das primeiras ag\u00eancias de m\u00eddia social do mundo, Amy Jo sabe o que esse tipo de gest\u00e3o precisa. Ela migrou todas as suas opera\u00e7\u00f5es para o calend\u00e1rio de conte\u00fado da monday.com, onde gerencia tudo relacionado \u00e0 sua marca.<\/span><\/p>\n<p><span style=\"font-weight: 200;\">Nunca usou um calend\u00e1rio de conte\u00fado?<\/span><\/p>\n<p><span style=\"font-weight: 200;\">Voc\u00ea vai ter uma surpresa. Continue lendo para encontrar a salva\u00e7\u00e3o que voc\u00ea procurava neste mar inesgot\u00e1vel de conte\u00fado.<\/span><\/p>\n<p><span style=\"font-weight: 200;\">J\u00e1 usa um calend\u00e1rio de conte\u00fado h\u00e1 anos?<\/span><\/p>\n<p><span style=\"font-weight: 200;\">Continue lendo para descobrir dicas e truques que tornar\u00e3o sua vida muito mais f\u00e1cil.<\/span><\/p>\n<p><span style=\"font-weight: 200;\">Antes de continuarmos para aprender como a rainha do conte\u00fado utiliza esta ferramenta, vamos come\u00e7ar definindo o que significa exatamente um calend\u00e1rio de conte\u00fado.<\/span><\/p>\n<h2><b>O que \u00e9 um calend\u00e1rio de conte\u00fado<\/b><\/h2>\n<p><span style=\"font-weight: 200;\">Um calend\u00e1rio de conte\u00fado \u00e9 essencialmente um cronograma que indica quando e onde voc\u00ea planeja publicar seu conte\u00fado futuro.<\/span><\/p>\n<p><span style=\"font-weight: 200;\">Os <\/span><span style=\"font-weight: 200;\">calend\u00e1rios de conte\u00fado normalmente incluem:<\/span><\/p>\n<p><img decoding=\"async\" class=\"alignnone wp-image-21617 size-full\" src=\"https:\/\/www.monday.com\/blog\/wp-content\/uploads\/2020\/10\/Blog-asset.png\" alt=\"O-que-\u00e9-um-calend\u00e1rio-de-conte\u00fado\u00a0\u00a0\" width=\"1200\" height=\"428\" srcset=\"https:\/\/monday.com\/blog\/wp-content\/uploads\/2020\/10\/Blog-asset.png 1200w, https:\/\/monday.com\/blog\/wp-content\/uploads\/2020\/10\/Blog-asset-300x107.png 300w, https:\/\/monday.com\/blog\/wp-content\/uploads\/2020\/10\/Blog-asset-1024x365.png 1024w, https:\/\/monday.com\/blog\/wp-content\/uploads\/2020\/10\/Blog-asset-768x274.png 768w\" sizes=\"(max-width: 1200px) 100vw, 1200px\" \/><\/p>\n<p><span style=\"font-weight: 200;\">Um calend\u00e1rio de conte\u00fado tem benef\u00edcios infinitos, mas estes s\u00e3o os pilares principais:<\/span><\/p>\n<h3><b>Organiza\u00e7\u00e3o<\/b><\/h3>\n<p><span style=\"font-weight: 200;\">A pr\u00e1tica comum \u00e9 separar seu calend\u00e1rio por tipo de plataforma, data de publica\u00e7\u00e3o, status e ativos necess\u00e1rios para essa publica\u00e7\u00e3o espec\u00edfica.<\/span><\/p>\n<p><span style=\"font-weight: 200;\">Por exemplo, a categoria Instagram incluiria a foto, a legenda e quaisquer hashtags relacionadas para direcionar o tr\u00e1fego.<\/span><\/p>\n<h3><b>Colabora\u00e7\u00e3o<\/b><\/h3>\n<p><span style=\"font-weight: 200;\">Outro elemento-chave para um calend\u00e1rio de conte\u00fado social eficaz \u00e9 a possibilidade das equipes colaborarem em um documento compartilhado, para que n\u00e3o haja confus\u00e3o entre diferentes vers\u00f5es do cronograma.<\/span><\/p>\n<p><span style=\"font-weight: 200;\">A monday.com permite que as equipes <\/span><a href=\"https:\/\/monday.com\/blog\/pt\/marketing-pt\/3-templates-de-redes-sociais-para-gerenciar-seu-conteudo-e-obter-melhores-resultados\/\"><span style=\"font-weight: 200;\">criem com facilidade um calend\u00e1rio de conte\u00fado que funcione<\/span><\/a><span style=\"font-weight: 200;\"> para elas. Todos os membros da equipe colaboram dentro do quadro, monitoram o progresso e integram-se com suas plataformas de m\u00eddia social favoritas, como LinkedIn e Facebook. Os usu\u00e1rios tamb\u00e9m podem incorporar feeds do Twitter, atualiza\u00e7\u00f5es de not\u00edcias e contas do Facebook.<\/span><\/p>\n<p><span style=\"font-weight: 200;\">As planilhas de Excel foram por muito tempo o m\u00e9todo ideal para o planejamento de conte\u00fado. Mas elas s\u00e3o confusas, lentas e n\u00e3o foram desenvolvidas para a colabora\u00e7\u00e3o. A integra\u00e7\u00e3o da monday.com com o Google Sheets permite a importa\u00e7\u00e3o de dados da sua planilha para um quadro da monday.com, possibilitando a visualiza\u00e7\u00e3o de todo o seu trabalho em uma \u00fanica \u00e1rea de trabalho organizada.<\/span><\/p>\n<h3><b>Planejando com anteced\u00eancia<\/b><\/h3>\n<p><span style=\"font-weight: 200;\">Para que um profissional de marketing, gerente de m\u00eddia social ou influencer <\/span><span style=\"font-weight: 200;\">maximize cada detalhe do conte\u00fado<\/span><span style=\"font-weight: 200;\">, ele deve se adequar ao p\u00fablico e ao objetivo. \u00c9 por isso que \u00e9 importante planejar com anteced\u00eancia.<\/span><\/p>\n<blockquote><p><b>Planejar suas redes sociais em um calend\u00e1rio ajuda a maximizar o potencial de sucesso de sua estrat\u00e9gia.<\/b><\/p><\/blockquote>\n<p><span style=\"font-weight: 200;\">Com tantas campanhas e canais de m\u00eddia social diferentes que exigem publica\u00e7\u00f5es frequentes, voc\u00ea quer ter certeza de que tem tudo o que precisa. E de que voc\u00ea precisa exatamente? De uma s\u00e9rie de detalhes, desde o assunto at\u00e9 a fonte de m\u00eddia e o canal designado. Tudo isso precisa acontecer muito antes de cada data de publica\u00e7\u00e3o para que voc\u00ea possa planejar adequadamente.<\/span><\/p>\n<h2><b>Como funciona um calend\u00e1rio de conte\u00fado<\/b><\/h2>\n<p><span style=\"font-weight: 200;\">Agora vamos dar uma olhada em um exemplo da vida real de Amy Jo Martin \u2014 com quem tive o prazer de conversar.<\/span><\/p>\n<p><span style=\"font-weight: 200;\"><a href=\"https:\/\/monday.com\/blog\/pt\/gestao-de-projetos-pt\/programacao-de-projetos-como-planejar-e-executar-projetos-com-sucesso\/\">Com v\u00e1rios projetos<\/a> acontecendo ao mesmo tempo, Amy Jo conta com os quadros da monday.com para organizar suas responsabilidades di\u00e1rias e garantir que todos os seus projetos sejam conclu\u00eddos e postados dentro do prazo.<\/span><\/p>\n<p>&nbsp;<\/p>\n<p><img decoding=\"async\" class=\"alignnone wp-image-21606 size-full\" src=\"https:\/\/monday.com\/blog\/wp-content\/uploads\/2020\/10\/Screen-Shot-2020-09-21-at-5.45.06-PM.jpg\" alt=\"como funciona um calend\u00e1rio de conte\u00fado\" width=\"1040\" height=\"533\" srcset=\"https:\/\/monday.com\/blog\/wp-content\/uploads\/2020\/10\/Screen-Shot-2020-09-21-at-5.45.06-PM.jpg 1040w, https:\/\/monday.com\/blog\/wp-content\/uploads\/2020\/10\/Screen-Shot-2020-09-21-at-5.45.06-PM-300x154.jpg 300w, https:\/\/monday.com\/blog\/wp-content\/uploads\/2020\/10\/Screen-Shot-2020-09-21-at-5.45.06-PM-1024x525.jpg 1024w, https:\/\/monday.com\/blog\/wp-content\/uploads\/2020\/10\/Screen-Shot-2020-09-21-at-5.45.06-PM-768x394.jpg 768w\" sizes=\"(max-width: 1040px) 100vw, 1040px\" \/><\/p>\n<p><span style=\"font-weight: 200;\">Ela usa diferentes tabelas dentro do quadro para separar o que \u00e9 necess\u00e1rio para cada uma das plataformas. Cada dia da semana tem seu pr\u00f3prio elemento e \u00e9 integrado com o calend\u00e1rio do Google para que ela possa ter uma vis\u00e3o geral de sua semana atrav\u00e9s da visualiza\u00e7\u00e3o de calend\u00e1rio.<\/span><\/p>\n<h3><b>Uma vis\u00e3o panor\u00e2mica do progresso de sua equipe<\/b><\/h3>\n<p><span style=\"font-weight: 200;\">O acesso \u00e0 equipe facilita a atribui\u00e7\u00e3o de tarefas e a marca\u00e7\u00e3o de pessoas quando algo precisa ser feito ou est\u00e1 pronto para revis\u00e3o.<\/span><\/p>\n<p><span style=\"font-weight: 200;\">Seu calend\u00e1rio de conte\u00fado social cont\u00e9m tudo o que um ativo precisa, desde a foto que est\u00e1 sendo postada at\u00e9 as hashtags que est\u00e3o sendo utilizadas.<\/span><\/p>\n<p><img decoding=\"async\" class=\"alignnone wp-image-21601 size-full\" src=\"https:\/\/monday.com\/blog\/wp-content\/uploads\/2020\/10\/Screen-Shot-2020-09-21-at-6.06.37-PM.jpg\" alt=\"Uma vis\u00e3o panor\u00e2mica do progresso de sua equipe\" width=\"1042\" height=\"539\" srcset=\"https:\/\/monday.com\/blog\/wp-content\/uploads\/2020\/10\/Screen-Shot-2020-09-21-at-6.06.37-PM.jpg 1042w, https:\/\/monday.com\/blog\/wp-content\/uploads\/2020\/10\/Screen-Shot-2020-09-21-at-6.06.37-PM-300x155.jpg 300w, https:\/\/monday.com\/blog\/wp-content\/uploads\/2020\/10\/Screen-Shot-2020-09-21-at-6.06.37-PM-1024x530.jpg 1024w, https:\/\/monday.com\/blog\/wp-content\/uploads\/2020\/10\/Screen-Shot-2020-09-21-at-6.06.37-PM-768x397.jpg 768w\" sizes=\"(max-width: 1042px) 100vw, 1042px\" \/><\/p>\n<p><span style=\"font-weight: 200;\">A coluna de arquivos permite que Amy Jo incorpore seu recurso fotogr\u00e1fico e a legenda diretamente no quadro.<\/span><\/p>\n<h3><b>Atribui\u00e7\u00e3o de elementos de a\u00e7\u00e3o \u00e0s partes interessadas<\/b><\/h3>\n<p><span style=\"font-weight: 200;\">As equipes podem se comunicar facilmente no pr\u00f3prio arquivo de fotos. Isso as ajuda a discutir tudo o que precisa ser feito para a publica\u00e7\u00e3o e a editar o texto diretamente no quadro.<\/span><\/p>\n<blockquote><p><b>Marcar membros da equipe para corrigir fotos, alterar textos ou fazer o que quer que seja necess\u00e1rio antes da publica\u00e7\u00e3o fica mais f\u00e1cil quando se utiliza o template de calend\u00e1rio de m\u00eddia social.<\/b><\/p><\/blockquote>\n<h3><b>Fique por dentro do que est\u00e1 acontecendo no dia a dia\u00a0<\/b><\/h3>\n<p><span style=\"font-weight: 200;\">A integra\u00e7\u00e3o com o calend\u00e1rio do Google permite que Amy Jo visualize tudo o que est\u00e1 em sua agenda de conte\u00fado para aquele dia espec\u00edfico. Com um clique, ela pode acessar o <a href=\"https:\/\/monday.com\/blog\/pt\/marketing-pt\/por-que-seu-briefing-criativo-precisa-de-uma-renovacao\/\">briefing criativo<\/a> diretamente de seu calend\u00e1rio.<\/span><\/p>\n<p><img decoding=\"async\" class=\"alignnone wp-image-21596 size-full\" src=\"https:\/\/monday.com\/blog\/wp-content\/uploads\/2020\/10\/Screen-Shot-2020-09-21-at-6.47.20-PM.jpg\" alt=\"Fique por dentro do que est\u00e1 acontecendo no dia a dia\u00a0\" width=\"992\" height=\"412\" srcset=\"https:\/\/monday.com\/blog\/wp-content\/uploads\/2020\/10\/Screen-Shot-2020-09-21-at-6.47.20-PM.jpg 992w, https:\/\/monday.com\/blog\/wp-content\/uploads\/2020\/10\/Screen-Shot-2020-09-21-at-6.47.20-PM-300x125.jpg 300w, https:\/\/monday.com\/blog\/wp-content\/uploads\/2020\/10\/Screen-Shot-2020-09-21-at-6.47.20-PM-768x319.jpg 768w\" sizes=\"(max-width: 992px) 100vw, 992px\" \/><\/p>\n<p><span style=\"font-weight: 200;\">Em vez de ficar folheando aqui e ali, a monday.com integra-se perfeitamente ao calend\u00e1rio do Google para que voc\u00ea possa ver tudo o que precisa atrav\u00e9s da sua visualiza\u00e7\u00e3o de calend\u00e1rio, bem como no seu calend\u00e1rio pessoal.<\/span><\/p>\n<h2><b>Utilizando um calend\u00e1rio de conte\u00fado\u00a0\u00a0<\/b><\/h2>\n<p><span style=\"font-weight: 200;\">Com tantos projetos em andamento e outros tantos planejados para o futuro, Amy Jo usa um roadmap de neg\u00f3cios para mapear sua trajet\u00f3ria. Tudo isso \u00e9 feito em uma planilha do Google, e funciona como uma vis\u00e3o geral do que vai acontecer adiante.<\/span><\/p>\n<p><span style=\"font-weight: 200;\">Com a integra\u00e7\u00e3o do Google Sheet, ela pode acessar essas informa\u00e7\u00f5es a qualquer momento para que ningu\u00e9m em sua equipe perca o controle do objetivo geral da empresa.<\/span><\/p>\n<p><span style=\"font-weight: 200;\">Al\u00e9m disso, todas as ideias criativas est\u00e3o arquivadas em um documento integrado de \u201cideias para m\u00eddias sociais\u201d. \u00c9 aqui que os membros da equipe colocam qualquer ideia de publica\u00e7\u00e3o que surja e onde ela poder\u00e1 ser referenciada no futuro, quando eles estiverem procurando por inspira\u00e7\u00e3o.<\/span><\/p>\n<blockquote><p><b>\u201cH\u00e1 tantas facetas diferentes no nosso neg\u00f3cio e a monday.com \u00e9 a primeira ferramenta que eu descobri capaz de reunir tudo em um lugar organizado e manter a equipe em sincronia\u201d, diz Amy Jo Martin.<\/b><\/p><\/blockquote>\n<p><span style=\"font-weight: 200;\">Uma salva de palmas para a rainha do conte\u00fado Amy Jo Martin, que est\u00e1 definitivamente administrando seu neg\u00f3cio como qualquer pessoa envolvida com conte\u00fado de m\u00eddia social deveria. E n\u00e3o se preocupe se voc\u00ea sentir que est\u00e1 na estaca zero, n\u00f3s da monday.com estamos aqui para ajudar.<\/span><\/p>\n<p><span style=\"font-weight: 200;\">Vimos em primeira m\u00e3o o quanto as m\u00eddias sociais englobam desde imagens e legendas, at\u00e9 rastreamento de campanhas, colabora\u00e7\u00e3o e organiza\u00e7\u00e3o eficazes, e isso s\u00f3 pode ser alcan\u00e7ado por meio de uma estrutura que suporte e estimule conversas, ideias, colabora\u00e7\u00e3o e criatividade.<\/span><\/p>\n<p><span style=\"font-weight: 200;\">Maximize sua presen\u00e7a online com apenas alguns cliques.<\/span><\/p>\n<p><img decoding=\"async\" class=\"alignnone wp-image-21622 size-full\" src=\"https:\/\/monday.com\/blog\/wp-content\/uploads\/2020\/10\/Simple-board_Timeline_project-management.png\" alt=\"calendario de conte\u00fado para midias sociais\" width=\"800\" height=\"589\" srcset=\"https:\/\/monday.com\/blog\/wp-content\/uploads\/2020\/10\/Simple-board_Timeline_project-management.png 800w, https:\/\/monday.com\/blog\/wp-content\/uploads\/2020\/10\/Simple-board_Timeline_project-management-300x221.png 300w, https:\/\/monday.com\/blog\/wp-content\/uploads\/2020\/10\/Simple-board_Timeline_project-management-768x565.png 768w\" sizes=\"(max-width: 800px) 100vw, 800px\" \/><\/p>\n<p style=\"text-align: center;\"><a class=\"cta-button blue-button\" aria-label=\"Comece a usar agora o seu template de calend\u00e1rio de conte\u00fado!\" href=\"http:\/\/auth.monday.com\/solutions\/add_solution?solution_id=65396\" target=\"_blank\">Comece a usar agora o seu template de calend\u00e1rio de conte\u00fado!<\/a><\/p>\n<p>&nbsp;<\/p>\n","protected":false},"excerpt":{"rendered":"<p>N\u00e3o sabemos se algu\u00e9m ainda precisa escutar isso, mas a gest\u00e3o de m\u00eddias sociais \u00e9 dif\u00edcil . N\u00f3s sabemos. Desde gerenciar in\u00fameros neg\u00f3cios da marca no Instagram at\u00e9 lan\u00e7ar campanhas de Facebook e veicular um podcast semanal (tudo isso em sincronia com as partes interessadas), gerenciar os esfor\u00e7os de m\u00eddia &#8230;<\/p>\n","protected":false},"author":51,"featured_media":21612,"comment_status":"closed","ping_status":"closed","sticky":false,"template":"","format":"standard","meta":{"_acf_changed":false,"_yoast_wpseo_title":"Calend\u00e1rio de conte\u00fado para m\u00eddias sociais %%page%% %%sep%% %%sitename%%","_yoast_wpseo_metadesc":"Todo gerente de m\u00eddia social precisa de um calend\u00e1rio de conte\u00fado. Por uma quest\u00e3o de organiza\u00e7\u00e3o, efici\u00eancia e sanidade. aiba maais aqui.","monday_item_id":0,"monday_board_id":0,"footnotes":"","_links_to":"","_links_to_target":""},"categories":[6874],"tags":[],"class_list":["post-21186","post","type-post","status-publish","format-standard","has-post-thumbnail","hentry","category-marketing-pt"],"acf":{"lobby_image":false,"post_thumbnail_title":"","hide_post_info":false,"hide_bottom_cta":false,"hide_from_blog":false,"cluster":"project_management","banner_url":"","main_text_banner":"Planeje suas publica\u00e7\u00f5es","sub_title_banner":"com a monday.com","sub_title_banner_second":"","banner_button_text":"Comece j\u00e1","below_banner_line":"","landing_page_layout":false,"display_dates":"updated","featured_image_link":"","use_customized_cta":false,"display_subscribe_widget":false,"custom_schema_code":"","post_date":"20230227","hide_time_to_read":false,"sidebar_color_banner":"","custom_tags":false,"disclaimer":"","cornerstone_hero_cta_override":{"label":"","url":""},"faqs":false,"activate_cta_banner":false},"yoast_head":"<!-- This site is optimized with the Yoast SEO Premium plugin v26.6 (Yoast SEO v26.6) - https:\/\/yoast.com\/wordpress\/plugins\/seo\/ -->\n<title>Calend\u00e1rio de conte\u00fado para m\u00eddias sociais | monday.com Blog<\/title>\n<meta name=\"description\" content=\"Todo gerente de m\u00eddia social precisa de um calend\u00e1rio de conte\u00fado. Por uma quest\u00e3o de organiza\u00e7\u00e3o, efici\u00eancia e sanidade. aiba maais aqui.\" \/>\n<meta name=\"robots\" content=\"index, follow, max-snippet:-1, max-image-preview:large, max-video-preview:-1\" \/>\n<link rel=\"canonical\" href=\"https:\/\/monday.com\/blog\/pt\/marketing-pt\/calendario-de-conteudo-para-midias-sociais\/\" \/>\n<meta property=\"og:locale\" content=\"pt_PT\" \/>\n<meta property=\"og:type\" content=\"article\" \/>\n<meta property=\"og:title\" content=\"Calend\u00e1rio de conte\u00fado para m\u00eddias sociais\" \/>\n<meta property=\"og:description\" content=\"Todo gerente de m\u00eddia social precisa de um calend\u00e1rio de conte\u00fado. Por uma quest\u00e3o de organiza\u00e7\u00e3o, efici\u00eancia e sanidade. aiba maais aqui.\" \/>\n<meta property=\"og:url\" content=\"https:\/\/monday.com\/blog\/pt\/marketing-pt\/calendario-de-conteudo-para-midias-sociais\/\" \/>\n<meta property=\"og:site_name\" content=\"monday.com Blog\" \/>\n<meta property=\"article:published_time\" content=\"2020-10-11T08:57:53+00:00\" \/>\n<meta property=\"article:modified_time\" content=\"2024-12-22T13:50:08+00:00\" \/>\n<meta property=\"og:image\" content=\"https:\/\/res.cloudinary.com\/monday-blogs\/fl_lossy,f_auto,q_auto\/wp-blog\/2020\/10\/Blog-cover-3.jpg\" \/>\n\t<meta property=\"og:image:width\" content=\"2400\" \/>\n\t<meta property=\"og:image:height\" content=\"1200\" \/>\n\t<meta property=\"og:image:type\" content=\"image\/jpeg\" \/>\n<meta name=\"author\" content=\"Todos na monday.com\" \/>\n<meta name=\"twitter:card\" content=\"summary_large_image\" \/>\n<meta name=\"twitter:label1\" content=\"Written by\" \/>\n\t<meta name=\"twitter:data1\" content=\"Todos na monday.com\" \/>\n\t<meta name=\"twitter:label2\" content=\"Est. reading time\" \/>\n\t<meta name=\"twitter:data2\" content=\"7 minutes\" \/>\n<script type=\"application\/ld+json\" class=\"yoast-schema-graph\">{\"@context\":\"https:\/\/schema.org\",\"@graph\":[{\"@type\":\"Article\",\"@id\":\"https:\/\/monday.com\/blog\/pt\/marketing-pt\/calendario-de-conteudo-para-midias-sociais\/#article\",\"isPartOf\":{\"@id\":\"https:\/\/monday.com\/blog\/pt\/marketing-pt\/calendario-de-conteudo-para-midias-sociais\/\"},\"author\":{\"name\":\"Todos na monday.com\",\"@id\":\"https:\/\/monday.com\/blog\/#\/schema\/person\/a910a75018100c974e1001f7442e7596\"},\"headline\":\"Calend\u00e1rio de conte\u00fado para m\u00eddias sociais\",\"datePublished\":\"2020-10-11T08:57:53+00:00\",\"dateModified\":\"2024-12-22T13:50:08+00:00\",\"mainEntityOfPage\":{\"@id\":\"https:\/\/monday.com\/blog\/pt\/marketing-pt\/calendario-de-conteudo-para-midias-sociais\/\"},\"wordCount\":1416,\"publisher\":{\"@id\":\"https:\/\/monday.com\/blog\/#organization\"},\"image\":{\"@id\":\"https:\/\/monday.com\/blog\/pt\/marketing-pt\/calendario-de-conteudo-para-midias-sociais\/#primaryimage\"},\"thumbnailUrl\":\"https:\/\/monday.com\/blog\/wp-content\/uploads\/2020\/10\/Blog-cover-3.jpg\",\"articleSection\":[\"Marketing\"],\"inLanguage\":\"pt-WW\"},{\"@type\":\"WebPage\",\"@id\":\"https:\/\/monday.com\/blog\/pt\/marketing-pt\/calendario-de-conteudo-para-midias-sociais\/\",\"url\":\"https:\/\/monday.com\/blog\/pt\/marketing-pt\/calendario-de-conteudo-para-midias-sociais\/\",\"name\":\"Calend\u00e1rio de conte\u00fado para m\u00eddias sociais | monday.com Blog\",\"isPartOf\":{\"@id\":\"https:\/\/monday.com\/blog\/#website\"},\"primaryImageOfPage\":{\"@id\":\"https:\/\/monday.com\/blog\/pt\/marketing-pt\/calendario-de-conteudo-para-midias-sociais\/#primaryimage\"},\"image\":{\"@id\":\"https:\/\/monday.com\/blog\/pt\/marketing-pt\/calendario-de-conteudo-para-midias-sociais\/#primaryimage\"},\"thumbnailUrl\":\"https:\/\/monday.com\/blog\/wp-content\/uploads\/2020\/10\/Blog-cover-3.jpg\",\"datePublished\":\"2020-10-11T08:57:53+00:00\",\"dateModified\":\"2024-12-22T13:50:08+00:00\",\"description\":\"Todo gerente de m\u00eddia social precisa de um calend\u00e1rio de conte\u00fado. Por uma quest\u00e3o de organiza\u00e7\u00e3o, efici\u00eancia e sanidade. aiba maais aqui.\",\"breadcrumb\":{\"@id\":\"https:\/\/monday.com\/blog\/pt\/marketing-pt\/calendario-de-conteudo-para-midias-sociais\/#breadcrumb\"},\"inLanguage\":\"pt-WW\",\"potentialAction\":[{\"@type\":\"ReadAction\",\"target\":[\"https:\/\/monday.com\/blog\/pt\/marketing-pt\/calendario-de-conteudo-para-midias-sociais\/\"]}]},{\"@type\":\"ImageObject\",\"inLanguage\":\"pt-WW\",\"@id\":\"https:\/\/monday.com\/blog\/pt\/marketing-pt\/calendario-de-conteudo-para-midias-sociais\/#primaryimage\",\"url\":\"https:\/\/monday.com\/blog\/wp-content\/uploads\/2020\/10\/Blog-cover-3.jpg\",\"contentUrl\":\"https:\/\/monday.com\/blog\/wp-content\/uploads\/2020\/10\/Blog-cover-3.jpg\",\"width\":2400,\"height\":1200,\"caption\":\"Calendrio de contedo para mdias sociais\"},{\"@type\":\"BreadcrumbList\",\"@id\":\"https:\/\/monday.com\/blog\/pt\/marketing-pt\/calendario-de-conteudo-para-midias-sociais\/#breadcrumb\",\"itemListElement\":[{\"@type\":\"ListItem\",\"position\":1,\"name\":\"In\u00edcio\",\"item\":\"https:\/\/monday.com\/blog\/pt\/\"},{\"@type\":\"ListItem\",\"position\":2,\"name\":\"Marketing\",\"item\":\"https:\/\/monday.com\/blog\/marketing\/\"},{\"@type\":\"ListItem\",\"position\":3,\"name\":\"Calend\u00e1rio de conte\u00fado para m\u00eddias sociais\"}]},{\"@type\":\"WebSite\",\"@id\":\"https:\/\/monday.com\/blog\/#website\",\"url\":\"https:\/\/monday.com\/blog\/\",\"name\":\"monday.com Blog\",\"description\":\"\",\"publisher\":{\"@id\":\"https:\/\/monday.com\/blog\/#organization\"},\"potentialAction\":[{\"@type\":\"SearchAction\",\"target\":{\"@type\":\"EntryPoint\",\"urlTemplate\":\"https:\/\/monday.com\/blog\/?s={search_term_string}\"},\"query-input\":{\"@type\":\"PropertyValueSpecification\",\"valueRequired\":true,\"valueName\":\"search_term_string\"}}],\"inLanguage\":\"pt-WW\"},{\"@type\":\"Organization\",\"@id\":\"https:\/\/monday.com\/blog\/#organization\",\"name\":\"monday.com Blog\",\"url\":\"https:\/\/monday.com\/blog\/\",\"logo\":{\"@type\":\"ImageObject\",\"inLanguage\":\"pt-WW\",\"@id\":\"https:\/\/monday.com\/blog\/#\/schema\/logo\/image\/\",\"url\":\"https:\/\/res.cloudinary.com\/monday-blogs\/fl_lossy,f_auto,q_auto\/wp-blog\/2020\/12\/monday.com-logo-1.png\",\"contentUrl\":\"https:\/\/res.cloudinary.com\/monday-blogs\/fl_lossy,f_auto,q_auto\/wp-blog\/2020\/12\/monday.com-logo-1.png\",\"width\":200,\"height\":200,\"caption\":\"monday.com Blog\"},\"image\":{\"@id\":\"https:\/\/monday.com\/blog\/#\/schema\/logo\/image\/\"}},{\"@type\":\"Person\",\"@id\":\"https:\/\/monday.com\/blog\/#\/schema\/person\/a910a75018100c974e1001f7442e7596\",\"name\":\"Todos na monday.com\",\"image\":{\"@type\":\"ImageObject\",\"inLanguage\":\"pt-WW\",\"@id\":\"https:\/\/monday.com\/blog\/#\/schema\/person\/image\/\",\"url\":\"https:\/\/secure.gravatar.com\/avatar\/ab2c61fa9bad67f91881aaf2243b4e8d34a908e3908b82e601bd13e728ae4f4d?s=96&d=mm&r=g\",\"contentUrl\":\"https:\/\/secure.gravatar.com\/avatar\/ab2c61fa9bad67f91881aaf2243b4e8d34a908e3908b82e601bd13e728ae4f4d?s=96&d=mm&r=g\",\"caption\":\"Todos na monday.com\"},\"url\":\"https:\/\/monday.com\/blog\/pt\/author\/todos-na-monday-com\/\"}]}<\/script>\n<!-- \/ Yoast SEO Premium plugin. -->","yoast_head_json":{"title":"Calend\u00e1rio de conte\u00fado para m\u00eddias sociais | monday.com Blog","description":"Todo gerente de m\u00eddia social precisa de um calend\u00e1rio de conte\u00fado. Por uma quest\u00e3o de organiza\u00e7\u00e3o, efici\u00eancia e sanidade. aiba maais aqui.","robots":{"index":"index","follow":"follow","max-snippet":"max-snippet:-1","max-image-preview":"max-image-preview:large","max-video-preview":"max-video-preview:-1"},"canonical":"https:\/\/monday.com\/blog\/pt\/marketing-pt\/calendario-de-conteudo-para-midias-sociais\/","og_locale":"pt_PT","og_type":"article","og_title":"Calend\u00e1rio de conte\u00fado para m\u00eddias sociais","og_description":"Todo gerente de m\u00eddia social precisa de um calend\u00e1rio de conte\u00fado. Por uma quest\u00e3o de organiza\u00e7\u00e3o, efici\u00eancia e sanidade. aiba maais aqui.","og_url":"https:\/\/monday.com\/blog\/pt\/marketing-pt\/calendario-de-conteudo-para-midias-sociais\/","og_site_name":"monday.com Blog","article_published_time":"2020-10-11T08:57:53+00:00","article_modified_time":"2024-12-22T13:50:08+00:00","og_image":[{"width":2400,"height":1200,"url":"https:\/\/res.cloudinary.com\/monday-blogs\/fl_lossy,f_auto,q_auto\/wp-blog\/2020\/10\/Blog-cover-3.jpg","type":"image\/jpeg"}],"author":"Todos na monday.com","twitter_card":"summary_large_image","twitter_misc":{"Written by":"Todos na monday.com","Est. reading time":"7 minutes"},"schema":{"@context":"https:\/\/schema.org","@graph":[{"@type":"Article","@id":"https:\/\/monday.com\/blog\/pt\/marketing-pt\/calendario-de-conteudo-para-midias-sociais\/#article","isPartOf":{"@id":"https:\/\/monday.com\/blog\/pt\/marketing-pt\/calendario-de-conteudo-para-midias-sociais\/"},"author":{"name":"Todos na monday.com","@id":"https:\/\/monday.com\/blog\/#\/schema\/person\/a910a75018100c974e1001f7442e7596"},"headline":"Calend\u00e1rio de conte\u00fado para m\u00eddias sociais","datePublished":"2020-10-11T08:57:53+00:00","dateModified":"2024-12-22T13:50:08+00:00","mainEntityOfPage":{"@id":"https:\/\/monday.com\/blog\/pt\/marketing-pt\/calendario-de-conteudo-para-midias-sociais\/"},"wordCount":1416,"publisher":{"@id":"https:\/\/monday.com\/blog\/#organization"},"image":{"@id":"https:\/\/monday.com\/blog\/pt\/marketing-pt\/calendario-de-conteudo-para-midias-sociais\/#primaryimage"},"thumbnailUrl":"https:\/\/monday.com\/blog\/wp-content\/uploads\/2020\/10\/Blog-cover-3.jpg","articleSection":["Marketing"],"inLanguage":"pt-WW"},{"@type":"WebPage","@id":"https:\/\/monday.com\/blog\/pt\/marketing-pt\/calendario-de-conteudo-para-midias-sociais\/","url":"https:\/\/monday.com\/blog\/pt\/marketing-pt\/calendario-de-conteudo-para-midias-sociais\/","name":"Calend\u00e1rio de conte\u00fado para m\u00eddias sociais | monday.com Blog","isPartOf":{"@id":"https:\/\/monday.com\/blog\/#website"},"primaryImageOfPage":{"@id":"https:\/\/monday.com\/blog\/pt\/marketing-pt\/calendario-de-conteudo-para-midias-sociais\/#primaryimage"},"image":{"@id":"https:\/\/monday.com\/blog\/pt\/marketing-pt\/calendario-de-conteudo-para-midias-sociais\/#primaryimage"},"thumbnailUrl":"https:\/\/monday.com\/blog\/wp-content\/uploads\/2020\/10\/Blog-cover-3.jpg","datePublished":"2020-10-11T08:57:53+00:00","dateModified":"2024-12-22T13:50:08+00:00","description":"Todo gerente de m\u00eddia social precisa de um calend\u00e1rio de conte\u00fado. Por uma quest\u00e3o de organiza\u00e7\u00e3o, efici\u00eancia e sanidade. aiba maais aqui.","breadcrumb":{"@id":"https:\/\/monday.com\/blog\/pt\/marketing-pt\/calendario-de-conteudo-para-midias-sociais\/#breadcrumb"},"inLanguage":"pt-WW","potentialAction":[{"@type":"ReadAction","target":["https:\/\/monday.com\/blog\/pt\/marketing-pt\/calendario-de-conteudo-para-midias-sociais\/"]}]},{"@type":"ImageObject","inLanguage":"pt-WW","@id":"https:\/\/monday.com\/blog\/pt\/marketing-pt\/calendario-de-conteudo-para-midias-sociais\/#primaryimage","url":"https:\/\/monday.com\/blog\/wp-content\/uploads\/2020\/10\/Blog-cover-3.jpg","contentUrl":"https:\/\/monday.com\/blog\/wp-content\/uploads\/2020\/10\/Blog-cover-3.jpg","width":2400,"height":1200,"caption":"Calendrio de contedo para mdias sociais"},{"@type":"BreadcrumbList","@id":"https:\/\/monday.com\/blog\/pt\/marketing-pt\/calendario-de-conteudo-para-midias-sociais\/#breadcrumb","itemListElement":[{"@type":"ListItem","position":1,"name":"In\u00edcio","item":"https:\/\/monday.com\/blog\/pt\/"},{"@type":"ListItem","position":2,"name":"Marketing","item":"https:\/\/monday.com\/blog\/marketing\/"},{"@type":"ListItem","position":3,"name":"Calend\u00e1rio de conte\u00fado para m\u00eddias sociais"}]},{"@type":"WebSite","@id":"https:\/\/monday.com\/blog\/#website","url":"https:\/\/monday.com\/blog\/","name":"monday.com Blog","description":"","publisher":{"@id":"https:\/\/monday.com\/blog\/#organization"},"potentialAction":[{"@type":"SearchAction","target":{"@type":"EntryPoint","urlTemplate":"https:\/\/monday.com\/blog\/?s={search_term_string}"},"query-input":{"@type":"PropertyValueSpecification","valueRequired":true,"valueName":"search_term_string"}}],"inLanguage":"pt-WW"},{"@type":"Organization","@id":"https:\/\/monday.com\/blog\/#organization","name":"monday.com Blog","url":"https:\/\/monday.com\/blog\/","logo":{"@type":"ImageObject","inLanguage":"pt-WW","@id":"https:\/\/monday.com\/blog\/#\/schema\/logo\/image\/","url":"https:\/\/res.cloudinary.com\/monday-blogs\/fl_lossy,f_auto,q_auto\/wp-blog\/2020\/12\/monday.com-logo-1.png","contentUrl":"https:\/\/res.cloudinary.com\/monday-blogs\/fl_lossy,f_auto,q_auto\/wp-blog\/2020\/12\/monday.com-logo-1.png","width":200,"height":200,"caption":"monday.com Blog"},"image":{"@id":"https:\/\/monday.com\/blog\/#\/schema\/logo\/image\/"}},{"@type":"Person","@id":"https:\/\/monday.com\/blog\/#\/schema\/person\/a910a75018100c974e1001f7442e7596","name":"Todos na monday.com","image":{"@type":"ImageObject","inLanguage":"pt-WW","@id":"https:\/\/monday.com\/blog\/#\/schema\/person\/image\/","url":"https:\/\/secure.gravatar.com\/avatar\/ab2c61fa9bad67f91881aaf2243b4e8d34a908e3908b82e601bd13e728ae4f4d?s=96&d=mm&r=g","contentUrl":"https:\/\/secure.gravatar.com\/avatar\/ab2c61fa9bad67f91881aaf2243b4e8d34a908e3908b82e601bd13e728ae4f4d?s=96&d=mm&r=g","caption":"Todos na monday.com"},"url":"https:\/\/monday.com\/blog\/pt\/author\/todos-na-monday-com\/"}]}},"auth_debug":{"user_exists":false,"user_id":0,"user_login":null,"roles":[],"authenticated":false,"get_current_user_id":0},"_links":{"self":[{"href":"https:\/\/monday.com\/blog\/pt\/wp-json\/wp\/v2\/posts\/21186","targetHints":{"allow":["GET"]}}],"collection":[{"href":"https:\/\/monday.com\/blog\/pt\/wp-json\/wp\/v2\/posts"}],"about":[{"href":"https:\/\/monday.com\/blog\/pt\/wp-json\/wp\/v2\/types\/post"}],"author":[{"embeddable":true,"href":"https:\/\/monday.com\/blog\/pt\/wp-json\/wp\/v2\/users\/51"}],"replies":[{"embeddable":true,"href":"https:\/\/monday.com\/blog\/pt\/wp-json\/wp\/v2\/comments?post=21186"}],"version-history":[{"count":7,"href":"https:\/\/monday.com\/blog\/pt\/wp-json\/wp\/v2\/posts\/21186\/revisions"}],"predecessor-version":[{"id":122368,"href":"https:\/\/monday.com\/blog\/pt\/wp-json\/wp\/v2\/posts\/21186\/revisions\/122368"}],"wp:featuredmedia":[{"embeddable":true,"href":"https:\/\/monday.com\/blog\/pt\/wp-json\/wp\/v2\/media\/21612"}],"wp:attachment":[{"href":"https:\/\/monday.com\/blog\/pt\/wp-json\/wp\/v2\/media?parent=21186"}],"wp:term":[{"taxonomy":"category","embeddable":true,"href":"https:\/\/monday.com\/blog\/pt\/wp-json\/wp\/v2\/categories?post=21186"},{"taxonomy":"post_tag","embeddable":true,"href":"https:\/\/monday.com\/blog\/pt\/wp-json\/wp\/v2\/tags?post=21186"}],"curies":[{"name":"wp","href":"https:\/\/api.w.org\/{rel}","templated":true}]}}