{"id":12712,"date":"2020-05-26T12:10:35","date_gmt":"2020-05-26T12:10:35","guid":{"rendered":"https:\/\/staging-mondaycomblog.kinsta.cloud\/?p=12712"},"modified":"2024-12-03T15:00:12","modified_gmt":"2024-12-03T15:00:12","slug":"mi-enfoque-el-nuevo-planificador-digital-personal-de-monday-com-para-ordenar-tu-semana","status":"publish","type":"post","link":"https:\/\/monday.com\/blog\/es\/producto\/mi-enfoque-el-nuevo-planificador-digital-personal-de-monday-com-para-ordenar-tu-semana\/","title":{"rendered":"Mi enfoque: el nuevo planificador digital personal de monday.com para ordenar tu semana"},"content":{"rendered":"<p><span style=\"font-weight: 200;\">Todos sabemos que el sistema operativo de trabajo monday.com ayuda a los equipos a completar sus trabajos. Ya sea que est\u00e9s ejecutando un proyecto, un proceso o tu trabajo diario, t\u00fa y tu equipo pueden estar en sinton\u00eda en segundos para completar m\u00e1s trabajo, m\u00e1s r\u00e1pido.<\/span><\/p>\n<p><span style=\"font-weight: 200;\">Pero aquel que dijo que el \u00abyo\u00bb no existe en un equipo claramente nunca tuvo que gestionar su propia agenda.<\/span><\/p>\n<p><span style=\"font-weight: 200;\">Sabemos que uno de los desaf\u00edos m\u00e1s dif\u00edciles es sentarse todas las semana para entender cu\u00e1les son tus prioridades y luego reducirlas a proyectos y metas diarias. Y con todas las iniciativas en las que te involucras y los proyectos geniales de otros equipos, puede ser dif\u00edcil darte cuenta de tus prioridades individuales dentro de tu cuenta de monday.com.<\/span><\/p>\n<h3><b>Te presentamos Mi enfoque: tu planificador digital personal<\/b><\/h3>\n<p><span style=\"font-weight: 200;\">Piensa en Mi enfoque como tu planificador digital diario que te ayuda a tener el control de tus tareas y objetivos diarios. Este es tu espacio personal para establecer metas, definir prioridades y organizar tu trabajo diario.<\/span><\/p>\n<p><span style=\"font-weight: 200;\">No se trata de compartir con tu equipo o establecer objetivos poco realistas: se trata de mantenerte al d\u00eda con tu agenda para que te sientas m\u00e1s seguro y est\u00e9s menos estresado.<\/span><\/p>\n<h3><b>Sincronizaci\u00f3n del elemento al calendario\u00a0<\/b><\/h3>\n<p><span style=\"font-weight: 200;\">\u00bfTe resulta complicado programar \u00abtiempo de trabajo\u00bb entre reuniones? Puedes agregar f\u00e1cilmente a tu calendario cualquiera de los elementos de tu tablero (es decir, tareas, tickets de soporte, oportunidades de ventas o cualquiera de los peque\u00f1os proyectos que componen tu d\u00eda) para bloquear el tiempo necesario para concentrarte en lo que debes finalizar.<\/span><\/p>\n<p><img decoding=\"async\" class=\"alignnone wp-image-12124\" src=\"https:\/\/www.monday.com\/blog\/wp-content\/uploads\/2020\/05\/image2-1-169x300.png\" alt=\"Sincronizaci\u00f3n del elemento al calendario\u00a0\" width=\"308\" height=\"547\" srcset=\"https:\/\/monday.com\/blog\/wp-content\/uploads\/2020\/05\/image2-1-169x300.png 169w, https:\/\/monday.com\/blog\/wp-content\/uploads\/2020\/05\/image2-1-576x1024.png 576w, https:\/\/monday.com\/blog\/wp-content\/uploads\/2020\/05\/image2-1-768x1365.png 768w, https:\/\/monday.com\/blog\/wp-content\/uploads\/2020\/05\/image2-1-864x1536.png 864w, https:\/\/monday.com\/blog\/wp-content\/uploads\/2020\/05\/image2-1.png 1125w\" sizes=\"(max-width: 308px) 100vw, 308px\" \/><\/p>\n<h3><b>Verificaciones diarias<\/b><\/h3>\n<p><span style=\"font-weight: 200;\">Define tu pregunta de verificaci\u00f3n diaria al comienzo del d\u00eda, puede ser algo as\u00ed como \u00ab\u00bfQu\u00e9 te gustar\u00eda haber logrado al final del d\u00eda?\u00bb y verifica t\u00fa mismo tu respuesta al final del d\u00eda. \u00bfNo lo pudiste completar? Las obras maestras toman tiempo. No es una competencia y t\u00fa solo puedes ver tus respuestas. Mi enfoque se trata de definir y reconocer esos peque\u00f1os objetivos que te ayudan a avanzar.<\/span><\/p>\n<p><img decoding=\"async\" class=\"alignnone wp-image-12128\" src=\"https:\/\/www.monday.com\/blog\/wp-content\/uploads\/2020\/05\/image3-169x300.png\" alt=\"Verificaciones diarias\" width=\"315\" height=\"559\" srcset=\"https:\/\/monday.com\/blog\/wp-content\/uploads\/2020\/05\/image3-169x300.png 169w, https:\/\/monday.com\/blog\/wp-content\/uploads\/2020\/05\/image3-576x1024.png 576w, https:\/\/monday.com\/blog\/wp-content\/uploads\/2020\/05\/image3-768x1365.png 768w, https:\/\/monday.com\/blog\/wp-content\/uploads\/2020\/05\/image3-864x1536.png 864w, https:\/\/monday.com\/blog\/wp-content\/uploads\/2020\/05\/image3.png 1125w\" sizes=\"(max-width: 315px) 100vw, 315px\" \/><\/p>\n<h3><b>Mis elementos<\/b><\/h3>\n<p><span style=\"font-weight: 200;\">Mis elementos organizar\u00e1n todos los elementos que tengas asignados en un lugar organizado para que puedas ordenar, priorizar y vincular a tu calendario.<\/span><\/p>\n<p><img decoding=\"async\" class=\"alignnone wp-image-12140\" src=\"https:\/\/www.monday.com\/blog\/wp-content\/uploads\/2020\/05\/image1-1-169x300.png\" alt=\"Mis elementos\" width=\"331\" height=\"588\" srcset=\"https:\/\/monday.com\/blog\/wp-content\/uploads\/2020\/05\/image1-1-169x300.png 169w, https:\/\/monday.com\/blog\/wp-content\/uploads\/2020\/05\/image1-1-576x1024.png 576w, https:\/\/monday.com\/blog\/wp-content\/uploads\/2020\/05\/image1-1-768x1365.png 768w, https:\/\/monday.com\/blog\/wp-content\/uploads\/2020\/05\/image1-1-864x1536.png 864w, https:\/\/monday.com\/blog\/wp-content\/uploads\/2020\/05\/image1-1.png 1125w\" sizes=\"(max-width: 331px) 100vw, 331px\" \/><\/p>\n<p><span style=\"font-weight: 200;\">Gestionar tu calendario, elementos y prioridades siempre ha sido dif\u00edcil, pero estar alejado de tu equipo puede hacer que sea un desaf\u00edo a\u00fan mayor. Mi enfoque se cre\u00f3 para ayudarte a hacer <\/span><i><span style=\"font-weight: 200;\">tu<\/span><\/i><span style=\"font-weight: 200;\"> mejor trabajo, para que puedas ayudar a tu equipo a tener \u00e9xito.<\/span><\/p>\n","protected":false},"excerpt":{"rendered":"<p>Todos sabemos que el sistema operativo de trabajo monday.com ayuda a los equipos a completar sus trabajos. Ya sea que est\u00e9s ejecutando un proyecto, un proceso o tu trabajo diario, t\u00fa y tu equipo pueden estar en sinton\u00eda en segundos para completar m\u00e1s trabajo, m\u00e1s r\u00e1pido. Pero aquel que dijo &#8230;<\/p>\n","protected":false},"author":49,"featured_media":0,"comment_status":"closed","ping_status":"closed","sticky":false,"template":"","format":"standard","meta":{"_acf_changed":false,"_yoast_wpseo_title":"Mi enfoque: el planificador digital para ordenar tu semana","_yoast_wpseo_metadesc":"Conoce el nuevo planificador digital personal de monday.com que te ayudar\u00e1 a gestionar todos tus proyectos y procesos, as\u00ed como su trabajo diario.","monday_item_id":0,"monday_board_id":0,"footnotes":"","_links_to":"","_links_to_target":""},"categories":[6802],"tags":[],"class_list":["post-12712","post","type-post","status-publish","format-standard","hentry","category-producto"],"acf":{"lobby_image":false,"post_thumbnail_title":"","hide_post_info":false,"hide_bottom_cta":false,"hide_from_blog":false,"banner_url":"","main_text_banner":"","sub_title_banner":"","sub_title_banner_second":"","banner_button_text":"","below_banner_line":"","cluster":"","landing_page_layout":false,"hide_time_to_read":false,"sidebar_color_banner":"","custom_tags":false,"disclaimer":"","cornerstone_hero_cta_override":{"label":"","url":""},"display_dates":"default","featured_image_link":"","faqs":false,"activate_cta_banner":false,"use_customized_cta":false,"custom_schema_code":""},"yoast_head":"<!-- This site is optimized with the Yoast SEO Premium plugin v26.6 (Yoast SEO v26.6) - https:\/\/yoast.com\/wordpress\/plugins\/seo\/ -->\n<title>Mi enfoque: el planificador digital para ordenar tu semana<\/title>\n<meta name=\"description\" content=\"Conoce el nuevo planificador digital personal de monday.com que te ayudar\u00e1 a gestionar todos tus proyectos y procesos, as\u00ed como su trabajo diario.\" \/>\n<meta name=\"robots\" content=\"index, follow, max-snippet:-1, max-image-preview:large, max-video-preview:-1\" \/>\n<link rel=\"canonical\" href=\"https:\/\/monday.com\/blog\/es\/producto\/mi-enfoque-el-nuevo-planificador-digital-personal-de-monday-com-para-ordenar-tu-semana\/\" \/>\n<meta property=\"og:locale\" content=\"es_ES\" \/>\n<meta property=\"og:type\" content=\"article\" \/>\n<meta property=\"og:title\" content=\"Mi enfoque: el nuevo planificador digital personal de monday.com para ordenar tu semana\" \/>\n<meta property=\"og:description\" content=\"Conoce el nuevo planificador digital personal de monday.com que te ayudar\u00e1 a gestionar todos tus proyectos y procesos, as\u00ed como su trabajo diario.\" \/>\n<meta property=\"og:url\" content=\"https:\/\/monday.com\/blog\/es\/producto\/mi-enfoque-el-nuevo-planificador-digital-personal-de-monday-com-para-ordenar-tu-semana\/\" \/>\n<meta property=\"og:site_name\" content=\"monday.com Blog\" \/>\n<meta property=\"article:published_time\" content=\"2020-05-26T12:10:35+00:00\" \/>\n<meta property=\"article:modified_time\" content=\"2024-12-03T15:00:12+00:00\" \/>\n<meta property=\"og:image\" content=\"https:\/\/www.monday.com\/blog\/wp-content\/uploads\/2020\/05\/image2-1-169x300.png\" \/>\n<meta name=\"author\" content=\"Todos en monday.com\" \/>\n<meta name=\"twitter:card\" content=\"summary_large_image\" \/>\n<meta name=\"twitter:label1\" content=\"Escrito por\" \/>\n\t<meta name=\"twitter:data1\" content=\"Todos en monday.com\" \/>\n\t<meta name=\"twitter:label2\" content=\"Tiempo de lectura\" \/>\n\t<meta name=\"twitter:data2\" content=\"3 minutos\" \/>\n<script type=\"application\/ld+json\" class=\"yoast-schema-graph\">{\"@context\":\"https:\/\/schema.org\",\"@graph\":[{\"@type\":\"Article\",\"@id\":\"https:\/\/monday.com\/blog\/es\/producto\/mi-enfoque-el-nuevo-planificador-digital-personal-de-monday-com-para-ordenar-tu-semana\/#article\",\"isPartOf\":{\"@id\":\"https:\/\/monday.com\/blog\/es\/producto\/mi-enfoque-el-nuevo-planificador-digital-personal-de-monday-com-para-ordenar-tu-semana\/\"},\"author\":{\"name\":\"Todos en monday.com\",\"@id\":\"https:\/\/monday.com\/blog\/#\/schema\/person\/e54148ab75172c533d3dc123efb7980b\"},\"headline\":\"Mi enfoque: el nuevo planificador digital personal de monday.com para ordenar tu semana\",\"datePublished\":\"2020-05-26T12:10:35+00:00\",\"dateModified\":\"2024-12-03T15:00:12+00:00\",\"mainEntityOfPage\":{\"@id\":\"https:\/\/monday.com\/blog\/es\/producto\/mi-enfoque-el-nuevo-planificador-digital-personal-de-monday-com-para-ordenar-tu-semana\/\"},\"wordCount\":445,\"publisher\":{\"@id\":\"https:\/\/monday.com\/blog\/#organization\"},\"image\":{\"@id\":\"https:\/\/monday.com\/blog\/es\/producto\/mi-enfoque-el-nuevo-planificador-digital-personal-de-monday-com-para-ordenar-tu-semana\/#primaryimage\"},\"thumbnailUrl\":\"https:\/\/www.monday.com\/blog\/wp-content\/uploads\/2020\/05\/image2-1-169x300.png\",\"articleSection\":[\"Producto\"],\"inLanguage\":\"es\"},{\"@type\":\"WebPage\",\"@id\":\"https:\/\/monday.com\/blog\/es\/producto\/mi-enfoque-el-nuevo-planificador-digital-personal-de-monday-com-para-ordenar-tu-semana\/\",\"url\":\"https:\/\/monday.com\/blog\/es\/producto\/mi-enfoque-el-nuevo-planificador-digital-personal-de-monday-com-para-ordenar-tu-semana\/\",\"name\":\"Mi enfoque: el planificador digital para ordenar tu semana\",\"isPartOf\":{\"@id\":\"https:\/\/monday.com\/blog\/#website\"},\"primaryImageOfPage\":{\"@id\":\"https:\/\/monday.com\/blog\/es\/producto\/mi-enfoque-el-nuevo-planificador-digital-personal-de-monday-com-para-ordenar-tu-semana\/#primaryimage\"},\"image\":{\"@id\":\"https:\/\/monday.com\/blog\/es\/producto\/mi-enfoque-el-nuevo-planificador-digital-personal-de-monday-com-para-ordenar-tu-semana\/#primaryimage\"},\"thumbnailUrl\":\"https:\/\/www.monday.com\/blog\/wp-content\/uploads\/2020\/05\/image2-1-169x300.png\",\"datePublished\":\"2020-05-26T12:10:35+00:00\",\"dateModified\":\"2024-12-03T15:00:12+00:00\",\"description\":\"Conoce el nuevo planificador digital personal de monday.com que te ayudar\u00e1 a gestionar todos tus proyectos y procesos, as\u00ed como su trabajo diario.\",\"breadcrumb\":{\"@id\":\"https:\/\/monday.com\/blog\/es\/producto\/mi-enfoque-el-nuevo-planificador-digital-personal-de-monday-com-para-ordenar-tu-semana\/#breadcrumb\"},\"inLanguage\":\"es\",\"potentialAction\":[{\"@type\":\"ReadAction\",\"target\":[\"https:\/\/monday.com\/blog\/es\/producto\/mi-enfoque-el-nuevo-planificador-digital-personal-de-monday-com-para-ordenar-tu-semana\/\"]}]},{\"@type\":\"ImageObject\",\"inLanguage\":\"es\",\"@id\":\"https:\/\/monday.com\/blog\/es\/producto\/mi-enfoque-el-nuevo-planificador-digital-personal-de-monday-com-para-ordenar-tu-semana\/#primaryimage\",\"url\":\"https:\/\/www.monday.com\/blog\/wp-content\/uploads\/2020\/05\/image2-1-169x300.png\",\"contentUrl\":\"https:\/\/www.monday.com\/blog\/wp-content\/uploads\/2020\/05\/image2-1-169x300.png\"},{\"@type\":\"BreadcrumbList\",\"@id\":\"https:\/\/monday.com\/blog\/es\/producto\/mi-enfoque-el-nuevo-planificador-digital-personal-de-monday-com-para-ordenar-tu-semana\/#breadcrumb\",\"itemListElement\":[{\"@type\":\"ListItem\",\"position\":1,\"name\":\"Inicio\",\"item\":\"https:\/\/monday.com\/blog\/es\/\"},{\"@type\":\"ListItem\",\"position\":2,\"name\":\"Producto\",\"item\":\"https:\/\/monday.com\/blog\/es\/producto\/\"},{\"@type\":\"ListItem\",\"position\":3,\"name\":\"Mi enfoque: el nuevo planificador digital personal de monday.com para ordenar tu semana\"}]},{\"@type\":\"WebSite\",\"@id\":\"https:\/\/monday.com\/blog\/#website\",\"url\":\"https:\/\/monday.com\/blog\/\",\"name\":\"monday.com Blog\",\"description\":\"\",\"publisher\":{\"@id\":\"https:\/\/monday.com\/blog\/#organization\"},\"potentialAction\":[{\"@type\":\"SearchAction\",\"target\":{\"@type\":\"EntryPoint\",\"urlTemplate\":\"https:\/\/monday.com\/blog\/?s={search_term_string}\"},\"query-input\":{\"@type\":\"PropertyValueSpecification\",\"valueRequired\":true,\"valueName\":\"search_term_string\"}}],\"inLanguage\":\"es\"},{\"@type\":\"Organization\",\"@id\":\"https:\/\/monday.com\/blog\/#organization\",\"name\":\"monday.com Blog\",\"url\":\"https:\/\/monday.com\/blog\/\",\"logo\":{\"@type\":\"ImageObject\",\"inLanguage\":\"es\",\"@id\":\"https:\/\/monday.com\/blog\/#\/schema\/logo\/image\/\",\"url\":\"https:\/\/res.cloudinary.com\/monday-blogs\/fl_lossy,f_auto,q_auto\/wp-blog\/2020\/12\/monday.com-logo-1.png\",\"contentUrl\":\"https:\/\/res.cloudinary.com\/monday-blogs\/fl_lossy,f_auto,q_auto\/wp-blog\/2020\/12\/monday.com-logo-1.png\",\"width\":200,\"height\":200,\"caption\":\"monday.com Blog\"},\"image\":{\"@id\":\"https:\/\/monday.com\/blog\/#\/schema\/logo\/image\/\"}},{\"@type\":\"Person\",\"@id\":\"https:\/\/monday.com\/blog\/#\/schema\/person\/e54148ab75172c533d3dc123efb7980b\",\"name\":\"Todos en monday.com\",\"image\":{\"@type\":\"ImageObject\",\"inLanguage\":\"es\",\"@id\":\"https:\/\/monday.com\/blog\/#\/schema\/person\/image\/\",\"url\":\"https:\/\/secure.gravatar.com\/avatar\/36196dd911e0b3ab4b5e029977acc08c722f605cfe70660e5f442132cdb6f6f4?s=96&d=mm&r=g\",\"contentUrl\":\"https:\/\/secure.gravatar.com\/avatar\/36196dd911e0b3ab4b5e029977acc08c722f605cfe70660e5f442132cdb6f6f4?s=96&d=mm&r=g\",\"caption\":\"Todos en monday.com\"},\"url\":\"https:\/\/monday.com\/blog\/es\/author\/todos-en-monday-com\/\"}]}<\/script>\n<!-- \/ Yoast SEO Premium plugin. -->","yoast_head_json":{"title":"Mi enfoque: el planificador digital para ordenar tu semana","description":"Conoce el nuevo planificador digital personal de monday.com que te ayudar\u00e1 a gestionar todos tus proyectos y procesos, as\u00ed como su trabajo diario.","robots":{"index":"index","follow":"follow","max-snippet":"max-snippet:-1","max-image-preview":"max-image-preview:large","max-video-preview":"max-video-preview:-1"},"canonical":"https:\/\/monday.com\/blog\/es\/producto\/mi-enfoque-el-nuevo-planificador-digital-personal-de-monday-com-para-ordenar-tu-semana\/","og_locale":"es_ES","og_type":"article","og_title":"Mi enfoque: el nuevo planificador digital personal de monday.com para ordenar tu semana","og_description":"Conoce el nuevo planificador digital personal de monday.com que te ayudar\u00e1 a gestionar todos tus proyectos y procesos, as\u00ed como su trabajo diario.","og_url":"https:\/\/monday.com\/blog\/es\/producto\/mi-enfoque-el-nuevo-planificador-digital-personal-de-monday-com-para-ordenar-tu-semana\/","og_site_name":"monday.com Blog","article_published_time":"2020-05-26T12:10:35+00:00","article_modified_time":"2024-12-03T15:00:12+00:00","og_image":[{"url":"https:\/\/www.monday.com\/blog\/wp-content\/uploads\/2020\/05\/image2-1-169x300.png","type":"","width":"","height":""}],"author":"Todos en monday.com","twitter_card":"summary_large_image","twitter_misc":{"Escrito por":"Todos en monday.com","Tiempo de lectura":"3 minutos"},"schema":{"@context":"https:\/\/schema.org","@graph":[{"@type":"Article","@id":"https:\/\/monday.com\/blog\/es\/producto\/mi-enfoque-el-nuevo-planificador-digital-personal-de-monday-com-para-ordenar-tu-semana\/#article","isPartOf":{"@id":"https:\/\/monday.com\/blog\/es\/producto\/mi-enfoque-el-nuevo-planificador-digital-personal-de-monday-com-para-ordenar-tu-semana\/"},"author":{"name":"Todos en monday.com","@id":"https:\/\/monday.com\/blog\/#\/schema\/person\/e54148ab75172c533d3dc123efb7980b"},"headline":"Mi enfoque: el nuevo planificador digital personal de monday.com para ordenar tu semana","datePublished":"2020-05-26T12:10:35+00:00","dateModified":"2024-12-03T15:00:12+00:00","mainEntityOfPage":{"@id":"https:\/\/monday.com\/blog\/es\/producto\/mi-enfoque-el-nuevo-planificador-digital-personal-de-monday-com-para-ordenar-tu-semana\/"},"wordCount":445,"publisher":{"@id":"https:\/\/monday.com\/blog\/#organization"},"image":{"@id":"https:\/\/monday.com\/blog\/es\/producto\/mi-enfoque-el-nuevo-planificador-digital-personal-de-monday-com-para-ordenar-tu-semana\/#primaryimage"},"thumbnailUrl":"https:\/\/www.monday.com\/blog\/wp-content\/uploads\/2020\/05\/image2-1-169x300.png","articleSection":["Producto"],"inLanguage":"es"},{"@type":"WebPage","@id":"https:\/\/monday.com\/blog\/es\/producto\/mi-enfoque-el-nuevo-planificador-digital-personal-de-monday-com-para-ordenar-tu-semana\/","url":"https:\/\/monday.com\/blog\/es\/producto\/mi-enfoque-el-nuevo-planificador-digital-personal-de-monday-com-para-ordenar-tu-semana\/","name":"Mi enfoque: el planificador digital para ordenar tu semana","isPartOf":{"@id":"https:\/\/monday.com\/blog\/#website"},"primaryImageOfPage":{"@id":"https:\/\/monday.com\/blog\/es\/producto\/mi-enfoque-el-nuevo-planificador-digital-personal-de-monday-com-para-ordenar-tu-semana\/#primaryimage"},"image":{"@id":"https:\/\/monday.com\/blog\/es\/producto\/mi-enfoque-el-nuevo-planificador-digital-personal-de-monday-com-para-ordenar-tu-semana\/#primaryimage"},"thumbnailUrl":"https:\/\/www.monday.com\/blog\/wp-content\/uploads\/2020\/05\/image2-1-169x300.png","datePublished":"2020-05-26T12:10:35+00:00","dateModified":"2024-12-03T15:00:12+00:00","description":"Conoce el nuevo planificador digital personal de monday.com que te ayudar\u00e1 a gestionar todos tus proyectos y procesos, as\u00ed como su trabajo diario.","breadcrumb":{"@id":"https:\/\/monday.com\/blog\/es\/producto\/mi-enfoque-el-nuevo-planificador-digital-personal-de-monday-com-para-ordenar-tu-semana\/#breadcrumb"},"inLanguage":"es","potentialAction":[{"@type":"ReadAction","target":["https:\/\/monday.com\/blog\/es\/producto\/mi-enfoque-el-nuevo-planificador-digital-personal-de-monday-com-para-ordenar-tu-semana\/"]}]},{"@type":"ImageObject","inLanguage":"es","@id":"https:\/\/monday.com\/blog\/es\/producto\/mi-enfoque-el-nuevo-planificador-digital-personal-de-monday-com-para-ordenar-tu-semana\/#primaryimage","url":"https:\/\/www.monday.com\/blog\/wp-content\/uploads\/2020\/05\/image2-1-169x300.png","contentUrl":"https:\/\/www.monday.com\/blog\/wp-content\/uploads\/2020\/05\/image2-1-169x300.png"},{"@type":"BreadcrumbList","@id":"https:\/\/monday.com\/blog\/es\/producto\/mi-enfoque-el-nuevo-planificador-digital-personal-de-monday-com-para-ordenar-tu-semana\/#breadcrumb","itemListElement":[{"@type":"ListItem","position":1,"name":"Inicio","item":"https:\/\/monday.com\/blog\/es\/"},{"@type":"ListItem","position":2,"name":"Producto","item":"https:\/\/monday.com\/blog\/es\/producto\/"},{"@type":"ListItem","position":3,"name":"Mi enfoque: el nuevo planificador digital personal de monday.com para ordenar tu semana"}]},{"@type":"WebSite","@id":"https:\/\/monday.com\/blog\/#website","url":"https:\/\/monday.com\/blog\/","name":"monday.com Blog","description":"","publisher":{"@id":"https:\/\/monday.com\/blog\/#organization"},"potentialAction":[{"@type":"SearchAction","target":{"@type":"EntryPoint","urlTemplate":"https:\/\/monday.com\/blog\/?s={search_term_string}"},"query-input":{"@type":"PropertyValueSpecification","valueRequired":true,"valueName":"search_term_string"}}],"inLanguage":"es"},{"@type":"Organization","@id":"https:\/\/monday.com\/blog\/#organization","name":"monday.com Blog","url":"https:\/\/monday.com\/blog\/","logo":{"@type":"ImageObject","inLanguage":"es","@id":"https:\/\/monday.com\/blog\/#\/schema\/logo\/image\/","url":"https:\/\/res.cloudinary.com\/monday-blogs\/fl_lossy,f_auto,q_auto\/wp-blog\/2020\/12\/monday.com-logo-1.png","contentUrl":"https:\/\/res.cloudinary.com\/monday-blogs\/fl_lossy,f_auto,q_auto\/wp-blog\/2020\/12\/monday.com-logo-1.png","width":200,"height":200,"caption":"monday.com Blog"},"image":{"@id":"https:\/\/monday.com\/blog\/#\/schema\/logo\/image\/"}},{"@type":"Person","@id":"https:\/\/monday.com\/blog\/#\/schema\/person\/e54148ab75172c533d3dc123efb7980b","name":"Todos en monday.com","image":{"@type":"ImageObject","inLanguage":"es","@id":"https:\/\/monday.com\/blog\/#\/schema\/person\/image\/","url":"https:\/\/secure.gravatar.com\/avatar\/36196dd911e0b3ab4b5e029977acc08c722f605cfe70660e5f442132cdb6f6f4?s=96&d=mm&r=g","contentUrl":"https:\/\/secure.gravatar.com\/avatar\/36196dd911e0b3ab4b5e029977acc08c722f605cfe70660e5f442132cdb6f6f4?s=96&d=mm&r=g","caption":"Todos en monday.com"},"url":"https:\/\/monday.com\/blog\/es\/author\/todos-en-monday-com\/"}]}},"auth_debug":{"user_exists":false,"user_id":0,"user_login":null,"roles":[],"authenticated":false,"get_current_user_id":0},"_links":{"self":[{"href":"https:\/\/monday.com\/blog\/es\/wp-json\/wp\/v2\/posts\/12712","targetHints":{"allow":["GET"]}}],"collection":[{"href":"https:\/\/monday.com\/blog\/es\/wp-json\/wp\/v2\/posts"}],"about":[{"href":"https:\/\/monday.com\/blog\/es\/wp-json\/wp\/v2\/types\/post"}],"author":[{"embeddable":true,"href":"https:\/\/monday.com\/blog\/es\/wp-json\/wp\/v2\/users\/49"}],"replies":[{"embeddable":true,"href":"https:\/\/monday.com\/blog\/es\/wp-json\/wp\/v2\/comments?post=12712"}],"version-history":[{"count":1,"href":"https:\/\/monday.com\/blog\/es\/wp-json\/wp\/v2\/posts\/12712\/revisions"}],"predecessor-version":[{"id":209751,"href":"https:\/\/monday.com\/blog\/es\/wp-json\/wp\/v2\/posts\/12712\/revisions\/209751"}],"wp:attachment":[{"href":"https:\/\/monday.com\/blog\/es\/wp-json\/wp\/v2\/media?parent=12712"}],"wp:term":[{"taxonomy":"category","embeddable":true,"href":"https:\/\/monday.com\/blog\/es\/wp-json\/wp\/v2\/categories?post=12712"},{"taxonomy":"post_tag","embeddable":true,"href":"https:\/\/monday.com\/blog\/es\/wp-json\/wp\/v2\/tags?post=12712"}],"curies":[{"name":"wp","href":"https:\/\/api.w.org\/{rel}","templated":true}]}}